{"id":972,"date":"2020-07-31T18:20:58","date_gmt":"2020-07-31T16:20:58","guid":{"rendered":"https:\/\/fajgenbaum.paris\/?p=972"},"modified":"2026-01-28T10:21:00","modified_gmt":"2026-01-28T09:21:00","slug":"nataf-fajgenbaum-associes-assiste-le-groupe-amaury-au-titre-de-la-cession-de-ses-societes-dimpression","status":"publish","type":"post","link":"https:\/\/fajgenbaum.paris\/en\/nataf-fajgenbaum-associes-assiste-le-groupe-amaury-au-titre-de-la-cession-de-ses-societes-dimpression\/","title":{"rendered":"Groupe Amaury : la cession de ses soci\u00e9t\u00e9s d\u2019impression"},"content":{"rendered":"","protected":false},"excerpt":{"rendered":"<p>FAJGENBAUM a conseill\u00e9 le Groupe Amaury dans le cadre de la cession de ses soci\u00e9t\u00e9s d\u2019impression au Groupe Riccobono. <\/p>\n","protected":false},"author":2,"featured_media":0,"comment_status":"closed","ping_status":"closed","sticky":false,"template":"","format":"standard","meta":{"_acf_changed":false,"pdf":0,"footnotes":""},"categories":[1],"tags":[],"class_list":["post-972","post","type-post","status-publish","format-standard","hentry","category-actualites"],"acf":[],"_links":{"self":[{"href":"https:\/\/fajgenbaum.paris\/en\/wp-json\/wp\/v2\/posts\/972","targetHints":{"allow":["GET"]}}],"collection":[{"href":"https:\/\/fajgenbaum.paris\/en\/wp-json\/wp\/v2\/posts"}],"about":[{"href":"https:\/\/fajgenbaum.paris\/en\/wp-json\/wp\/v2\/types\/post"}],"author":[{"embeddable":true,"href":"https:\/\/fajgenbaum.paris\/en\/wp-json\/wp\/v2\/users\/2"}],"replies":[{"embeddable":true,"href":"https:\/\/fajgenbaum.paris\/en\/wp-json\/wp\/v2\/comments?post=972"}],"version-history":[{"count":3,"href":"https:\/\/fajgenbaum.paris\/en\/wp-json\/wp\/v2\/posts\/972\/revisions"}],"predecessor-version":[{"id":3654,"href":"https:\/\/fajgenbaum.paris\/en\/wp-json\/wp\/v2\/posts\/972\/revisions\/3654"}],"wp:attachment":[{"href":"https:\/\/fajgenbaum.paris\/en\/wp-json\/wp\/v2\/media?parent=972"}],"wp:term":[{"taxonomy":"category","embeddable":true,"href":"https:\/\/fajgenbaum.paris\/en\/wp-json\/wp\/v2\/categories?post=972"},{"taxonomy":"post_tag","embeddable":true,"href":"https:\/\/fajgenbaum.paris\/en\/wp-json\/wp\/v2\/tags?post=972"}],"curies":[{"name":"wp","href":"https:\/\/api.w.org\/{rel}","templated":true}]}}