{"id":959,"date":"2020-07-24T11:01:58","date_gmt":"2020-07-24T09:01:58","guid":{"rendered":"https:\/\/fajgenbaum.paris\/?p=959"},"modified":"2020-07-24T11:01:58","modified_gmt":"2020-07-24T09:01:58","slug":"classement-best-lawyers-2021","status":"publish","type":"post","link":"https:\/\/fajgenbaum.paris\/en\/classement-best-lawyers-2021\/","title":{"rendered":"Classement Best Lawyers &#8211; 2021"},"content":{"rendered":"<p><span><img decoding=\"async\" src=\"https:\/\/fajgenbaum.paris\/wp-content\/uploads\/2020\/04\/logo-nfa-300x61.jpg\" alt=\"\" width=\"300\" height=\"61\" class=\"alignnone size-medium wp-image-900\" srcset=\"https:\/\/fajgenbaum.paris\/wp-content\/uploads\/2020\/04\/logo-nfa-300x61.jpg 300w, https:\/\/fajgenbaum.paris\/wp-content\/uploads\/2020\/04\/logo-nfa.jpg 601w\" sizes=\"(max-width: 300px) 100vw, 300px\" \/><\/span><\/p>\n<p>La revue juridique am\u00e9ricaine Best Lawyers d\u00e9voile son palmar\u00e8s 2021 des avocats fran\u00e7ais reconnus par leurs pairs.<\/p>\n<p>Fabienne Fajgenbaum fait partie du classement dans la cat\u00e9gorie Droit de la propri\u00e9t\u00e9 intellectuelle.<\/p>\n","protected":false},"excerpt":{"rendered":"<p>Best Lawyers 2021 distingue Fabienne Fajgenbaum en Droit de la propri\u00e9t\u00e9 intellectuelle.<\/p>\n","protected":false},"author":2,"featured_media":0,"comment_status":"closed","ping_status":"closed","sticky":false,"template":"","format":"standard","meta":{"_acf_changed":false,"pdf":0,"footnotes":""},"categories":[1],"tags":[],"class_list":["post-959","post","type-post","status-publish","format-standard","hentry","category-actualites"],"acf":[],"_links":{"self":[{"href":"https:\/\/fajgenbaum.paris\/en\/wp-json\/wp\/v2\/posts\/959","targetHints":{"allow":["GET"]}}],"collection":[{"href":"https:\/\/fajgenbaum.paris\/en\/wp-json\/wp\/v2\/posts"}],"about":[{"href":"https:\/\/fajgenbaum.paris\/en\/wp-json\/wp\/v2\/types\/post"}],"author":[{"embeddable":true,"href":"https:\/\/fajgenbaum.paris\/en\/wp-json\/wp\/v2\/users\/2"}],"replies":[{"embeddable":true,"href":"https:\/\/fajgenbaum.paris\/en\/wp-json\/wp\/v2\/comments?post=959"}],"version-history":[{"count":1,"href":"https:\/\/fajgenbaum.paris\/en\/wp-json\/wp\/v2\/posts\/959\/revisions"}],"predecessor-version":[{"id":960,"href":"https:\/\/fajgenbaum.paris\/en\/wp-json\/wp\/v2\/posts\/959\/revisions\/960"}],"wp:attachment":[{"href":"https:\/\/fajgenbaum.paris\/en\/wp-json\/wp\/v2\/media?parent=959"}],"wp:term":[{"taxonomy":"category","embeddable":true,"href":"https:\/\/fajgenbaum.paris\/en\/wp-json\/wp\/v2\/categories?post=959"},{"taxonomy":"post_tag","embeddable":true,"href":"https:\/\/fajgenbaum.paris\/en\/wp-json\/wp\/v2\/tags?post=959"}],"curies":[{"name":"wp","href":"https:\/\/api.w.org\/{rel}","templated":true}]}}