{"id":833,"date":"2019-07-10T18:29:23","date_gmt":"2019-07-10T16:29:23","guid":{"rendered":"https:\/\/fajgenbaum.paris\/?p=833"},"modified":"2026-01-28T09:48:52","modified_gmt":"2026-01-28T08:48:52","slug":"option-droit-affaires-2","status":"publish","type":"post","link":"https:\/\/fajgenbaum.paris\/en\/option-droit-affaires-2\/","title":{"rendered":"Option Droit &#038; Affaires"},"content":{"rendered":"<p><strong>FAJGENBAUM sur le prolongement du partenariat Nike\/PSG<\/strong><\/p>\n<p>Le Paris Saint-Germain et Nike, partenaires depuis 1989, ont sign\u00e9 un nouveau contrat d\u2019\u00e9quipementier couvrant notamment les sections masculine et f\u00e9minine de football et de handball du club parisien. Ce contrat de sponsoring, qui court d\u00e9sormais jusqu\u2019en 2032, est le plus important jamais sign\u00e9 par le PSG mais \u00e9galement conclu en France avec un \u00e9quipementier, tous sports confondus. Il devrait notamment permettre au PSG de toucher une somme avoisinant les 75 millions d\u2019euros par saison, et renforce la position de la marque \u00e0 la virgule en tant que leader des \u00e9quipementiers de la sph\u00e8re footballistique.<\/p>\n<p>FAJGENBAUM a accompagn\u00e9 la direction juridique du PSG (Allison Junoy, Sonia Forestier et Julien Letellier) avec Maxime Vigneron et Jacques Nataf.<\/p>\n","protected":false},"excerpt":{"rendered":"<p>FAJGENBAUM a conseill\u00e9 le Paris Saint-Germain dans le cadre du prolongement du partenariat Nike\/PSG.<\/p>\n","protected":false},"author":2,"featured_media":0,"comment_status":"closed","ping_status":"closed","sticky":false,"template":"","format":"standard","meta":{"_acf_changed":false,"pdf":0,"footnotes":""},"categories":[1],"tags":[],"class_list":["post-833","post","type-post","status-publish","format-standard","hentry","category-actualites"],"acf":[],"_links":{"self":[{"href":"https:\/\/fajgenbaum.paris\/en\/wp-json\/wp\/v2\/posts\/833","targetHints":{"allow":["GET"]}}],"collection":[{"href":"https:\/\/fajgenbaum.paris\/en\/wp-json\/wp\/v2\/posts"}],"about":[{"href":"https:\/\/fajgenbaum.paris\/en\/wp-json\/wp\/v2\/types\/post"}],"author":[{"embeddable":true,"href":"https:\/\/fajgenbaum.paris\/en\/wp-json\/wp\/v2\/users\/2"}],"replies":[{"embeddable":true,"href":"https:\/\/fajgenbaum.paris\/en\/wp-json\/wp\/v2\/comments?post=833"}],"version-history":[{"count":4,"href":"https:\/\/fajgenbaum.paris\/en\/wp-json\/wp\/v2\/posts\/833\/revisions"}],"predecessor-version":[{"id":1034,"href":"https:\/\/fajgenbaum.paris\/en\/wp-json\/wp\/v2\/posts\/833\/revisions\/1034"}],"wp:attachment":[{"href":"https:\/\/fajgenbaum.paris\/en\/wp-json\/wp\/v2\/media?parent=833"}],"wp:term":[{"taxonomy":"category","embeddable":true,"href":"https:\/\/fajgenbaum.paris\/en\/wp-json\/wp\/v2\/categories?post=833"},{"taxonomy":"post_tag","embeddable":true,"href":"https:\/\/fajgenbaum.paris\/en\/wp-json\/wp\/v2\/tags?post=833"}],"curies":[{"name":"wp","href":"https:\/\/api.w.org\/{rel}","templated":true}]}}