{"id":617,"date":"2018-09-18T00:00:00","date_gmt":"2018-09-17T22:00:00","guid":{"rendered":"https:\/\/fajgenbaum.paris\/communique-de-presse-8\/"},"modified":"2021-01-10T19:53:47","modified_gmt":"2021-01-10T18:53:47","slug":"communique-de-presse-8","status":"publish","type":"post","link":"https:\/\/fajgenbaum.paris\/en\/communique-de-presse-8\/","title":{"rendered":"Communiqu\u00e9 de presse"},"content":{"rendered":"","protected":false},"excerpt":{"rendered":"<p>FAJGENBAUM toujours aux c\u00f4t\u00e9s du Paris Saint-Germain \u00e0 l\u2019occasion du Mercato d\u2019\u00e9t\u00e9 2018.<\/p>\n","protected":false},"author":1,"featured_media":0,"comment_status":"closed","ping_status":"closed","sticky":false,"template":"","format":"standard","meta":{"_acf_changed":false,"pdf":618,"footnotes":""},"categories":[1],"tags":[],"class_list":["post-617","post","type-post","status-publish","format-standard","hentry","category-actualites"],"acf":[],"_links":{"self":[{"href":"https:\/\/fajgenbaum.paris\/en\/wp-json\/wp\/v2\/posts\/617","targetHints":{"allow":["GET"]}}],"collection":[{"href":"https:\/\/fajgenbaum.paris\/en\/wp-json\/wp\/v2\/posts"}],"about":[{"href":"https:\/\/fajgenbaum.paris\/en\/wp-json\/wp\/v2\/types\/post"}],"author":[{"embeddable":true,"href":"https:\/\/fajgenbaum.paris\/en\/wp-json\/wp\/v2\/users\/1"}],"replies":[{"embeddable":true,"href":"https:\/\/fajgenbaum.paris\/en\/wp-json\/wp\/v2\/comments?post=617"}],"version-history":[{"count":2,"href":"https:\/\/fajgenbaum.paris\/en\/wp-json\/wp\/v2\/posts\/617\/revisions"}],"predecessor-version":[{"id":1038,"href":"https:\/\/fajgenbaum.paris\/en\/wp-json\/wp\/v2\/posts\/617\/revisions\/1038"}],"wp:attachment":[{"href":"https:\/\/fajgenbaum.paris\/en\/wp-json\/wp\/v2\/media?parent=617"}],"wp:term":[{"taxonomy":"category","embeddable":true,"href":"https:\/\/fajgenbaum.paris\/en\/wp-json\/wp\/v2\/categories?post=617"},{"taxonomy":"post_tag","embeddable":true,"href":"https:\/\/fajgenbaum.paris\/en\/wp-json\/wp\/v2\/tags?post=617"}],"curies":[{"name":"wp","href":"https:\/\/api.w.org\/{rel}","templated":true}]}}