{"id":563,"date":"2017-02-03T00:00:00","date_gmt":"2017-02-02T23:00:00","guid":{"rendered":"https:\/\/fajgenbaum.paris\/communique-de-presse-4\/"},"modified":"2021-01-10T19:57:10","modified_gmt":"2021-01-10T18:57:10","slug":"communique-de-presse-4","status":"publish","type":"post","link":"https:\/\/fajgenbaum.paris\/en\/communique-de-presse-4\/","title":{"rendered":"Communiqu\u00e9 de presse"},"content":{"rendered":"","protected":false},"excerpt":{"rendered":"<p>FAJGENBAUM a accompagn\u00e9 le Paris Saint-Germain pour ses op\u00e9rations joueurs de l\u2019Hiver 2017.<\/p>\n","protected":false},"author":1,"featured_media":0,"comment_status":"closed","ping_status":"closed","sticky":false,"template":"","format":"standard","meta":{"_acf_changed":false,"pdf":564,"footnotes":""},"categories":[1],"tags":[],"class_list":["post-563","post","type-post","status-publish","format-standard","hentry","category-actualites"],"acf":[],"_links":{"self":[{"href":"https:\/\/fajgenbaum.paris\/en\/wp-json\/wp\/v2\/posts\/563","targetHints":{"allow":["GET"]}}],"collection":[{"href":"https:\/\/fajgenbaum.paris\/en\/wp-json\/wp\/v2\/posts"}],"about":[{"href":"https:\/\/fajgenbaum.paris\/en\/wp-json\/wp\/v2\/types\/post"}],"author":[{"embeddable":true,"href":"https:\/\/fajgenbaum.paris\/en\/wp-json\/wp\/v2\/users\/1"}],"replies":[{"embeddable":true,"href":"https:\/\/fajgenbaum.paris\/en\/wp-json\/wp\/v2\/comments?post=563"}],"version-history":[{"count":2,"href":"https:\/\/fajgenbaum.paris\/en\/wp-json\/wp\/v2\/posts\/563\/revisions"}],"predecessor-version":[{"id":1045,"href":"https:\/\/fajgenbaum.paris\/en\/wp-json\/wp\/v2\/posts\/563\/revisions\/1045"}],"wp:attachment":[{"href":"https:\/\/fajgenbaum.paris\/en\/wp-json\/wp\/v2\/media?parent=563"}],"wp:term":[{"taxonomy":"category","embeddable":true,"href":"https:\/\/fajgenbaum.paris\/en\/wp-json\/wp\/v2\/categories?post=563"},{"taxonomy":"post_tag","embeddable":true,"href":"https:\/\/fajgenbaum.paris\/en\/wp-json\/wp\/v2\/tags?post=563"}],"curies":[{"name":"wp","href":"https:\/\/api.w.org\/{rel}","templated":true}]}}