{"id":1548,"date":"2024-12-10T14:35:44","date_gmt":"2024-12-10T13:35:44","guid":{"rendered":"https:\/\/fajgenbaum.paris\/?p=1548"},"modified":"2024-12-10T14:44:56","modified_gmt":"2024-12-10T13:44:56","slug":"photographies-sportives-le-grand-flou-lofficiel-juridique-du-sport-decembre-2024","status":"publish","type":"post","link":"https:\/\/fajgenbaum.paris\/en\/photographies-sportives-le-grand-flou-lofficiel-juridique-du-sport-decembre-2024\/","title":{"rendered":"Cadre flou pour la protection des photographies sportives  &#8211; L&#8217;officiel juridique du sport &#8211; D\u00e9cembre 2024"},"content":{"rendered":"<p>Retrouvez notre article \u00ab <a href=\"https:\/\/fajgenbaum.paris\/wp-content\/uploads\/2024\/12\/Officiel-juridique-du-sport-Decembre-2024.pdf\">Cadre flou pour la protection des photographies sportives <\/a>\u00bb r\u00e9dig\u00e9 par Me Fabienne Fajgenbaum et Me Thibault Lachacinski, Avocats \u00e0 la Cour, dans le num\u00e9ro de d\u00e9cembre 2024 de <strong>L&#8217;officiel juridique du sport.<\/strong><\/p>\n","protected":false},"excerpt":{"rendered":"<p>Retrouvez notre article \u00ab Cadre flou pour la protection des photographies sportives \u00bb r\u00e9dig\u00e9 par Me Fabienne Fajgenbaum et Me Thibault Lachacinski, Avocats \u00e0 la Cour, dans le num\u00e9ro de d\u00e9cembre 2024 de L&#8217;officiel juridique du sport.<\/p>\n","protected":false},"author":2,"featured_media":0,"comment_status":"closed","ping_status":"closed","sticky":false,"template":"","format":"standard","meta":{"_acf_changed":false,"pdf":1549,"footnotes":""},"categories":[1],"tags":[],"class_list":["post-1548","post","type-post","status-publish","format-standard","hentry","category-actualites"],"acf":[],"_links":{"self":[{"href":"https:\/\/fajgenbaum.paris\/en\/wp-json\/wp\/v2\/posts\/1548","targetHints":{"allow":["GET"]}}],"collection":[{"href":"https:\/\/fajgenbaum.paris\/en\/wp-json\/wp\/v2\/posts"}],"about":[{"href":"https:\/\/fajgenbaum.paris\/en\/wp-json\/wp\/v2\/types\/post"}],"author":[{"embeddable":true,"href":"https:\/\/fajgenbaum.paris\/en\/wp-json\/wp\/v2\/users\/2"}],"replies":[{"embeddable":true,"href":"https:\/\/fajgenbaum.paris\/en\/wp-json\/wp\/v2\/comments?post=1548"}],"version-history":[{"count":5,"href":"https:\/\/fajgenbaum.paris\/en\/wp-json\/wp\/v2\/posts\/1548\/revisions"}],"predecessor-version":[{"id":1555,"href":"https:\/\/fajgenbaum.paris\/en\/wp-json\/wp\/v2\/posts\/1548\/revisions\/1555"}],"wp:attachment":[{"href":"https:\/\/fajgenbaum.paris\/en\/wp-json\/wp\/v2\/media?parent=1548"}],"wp:term":[{"taxonomy":"category","embeddable":true,"href":"https:\/\/fajgenbaum.paris\/en\/wp-json\/wp\/v2\/categories?post=1548"},{"taxonomy":"post_tag","embeddable":true,"href":"https:\/\/fajgenbaum.paris\/en\/wp-json\/wp\/v2\/tags?post=1548"}],"curies":[{"name":"wp","href":"https:\/\/api.w.org\/{rel}","templated":true}]}}