{"id":1505,"date":"2024-07-23T17:43:01","date_gmt":"2024-07-23T15:43:01","guid":{"rendered":"https:\/\/fajgenbaum.paris\/?p=1505"},"modified":"2024-07-23T17:44:26","modified_gmt":"2024-07-23T15:44:26","slug":"revue-propriete-industrielle-n7-8-juillet-aout-2024","status":"publish","type":"post","link":"https:\/\/fajgenbaum.paris\/en\/revue-propriete-industrielle-n7-8-juillet-aout-2024\/","title":{"rendered":"Revue Propri\u00e9t\u00e9 Industrielle &#8211; n\u00b07\/8 &#8211; Juillet\/Ao\u00fbt 2024"},"content":{"rendered":"<p>&#8220;Jeux olympiques &#8211; Propri\u00e9t\u00e9 intellectuelle et droits fondamentaux : il va y avoir du sport&#8221;<\/p>\n<p>Etude par Thibault Lachacinski<\/p>\n<p style=\"text-align: right;\"><a href=\"https:\/\/fajgenbaum.paris\/revue-propriete-industrielle-n7-8-juillet-aout-2024\/jeux-olympiques-propriete-intellectuelle-et-droits-fondamentaux\/\" rel=\"attachment wp-att-1512\">T\u00e9l\u00e9charger le PDF<\/a><\/p>\n","protected":false},"excerpt":{"rendered":"<p>&#8220;Jeux olympiques &#8211; Propri\u00e9t\u00e9 intellectuelle et droits fondamentaux : il va y avoir du sport&#8221; Etude par Thibault Lachacinski T\u00e9l\u00e9charger le PDF<\/p>\n","protected":false},"author":2,"featured_media":0,"comment_status":"closed","ping_status":"closed","sticky":false,"template":"","format":"standard","meta":{"_acf_changed":false,"pdf":0,"footnotes":""},"categories":[1],"tags":[],"class_list":["post-1505","post","type-post","status-publish","format-standard","hentry","category-actualites"],"acf":[],"_links":{"self":[{"href":"https:\/\/fajgenbaum.paris\/en\/wp-json\/wp\/v2\/posts\/1505","targetHints":{"allow":["GET"]}}],"collection":[{"href":"https:\/\/fajgenbaum.paris\/en\/wp-json\/wp\/v2\/posts"}],"about":[{"href":"https:\/\/fajgenbaum.paris\/en\/wp-json\/wp\/v2\/types\/post"}],"author":[{"embeddable":true,"href":"https:\/\/fajgenbaum.paris\/en\/wp-json\/wp\/v2\/users\/2"}],"replies":[{"embeddable":true,"href":"https:\/\/fajgenbaum.paris\/en\/wp-json\/wp\/v2\/comments?post=1505"}],"version-history":[{"count":5,"href":"https:\/\/fajgenbaum.paris\/en\/wp-json\/wp\/v2\/posts\/1505\/revisions"}],"predecessor-version":[{"id":1514,"href":"https:\/\/fajgenbaum.paris\/en\/wp-json\/wp\/v2\/posts\/1505\/revisions\/1514"}],"wp:attachment":[{"href":"https:\/\/fajgenbaum.paris\/en\/wp-json\/wp\/v2\/media?parent=1505"}],"wp:term":[{"taxonomy":"category","embeddable":true,"href":"https:\/\/fajgenbaum.paris\/en\/wp-json\/wp\/v2\/categories?post=1505"},{"taxonomy":"post_tag","embeddable":true,"href":"https:\/\/fajgenbaum.paris\/en\/wp-json\/wp\/v2\/tags?post=1505"}],"curies":[{"name":"wp","href":"https:\/\/api.w.org\/{rel}","templated":true}]}}