{"id":1499,"date":"2024-07-23T12:39:44","date_gmt":"2024-07-23T10:39:44","guid":{"rendered":"https:\/\/fajgenbaum.paris\/?p=1499"},"modified":"2024-07-23T12:39:45","modified_gmt":"2024-07-23T10:39:45","slug":"la-revue-des-juristes-de-sciences-po-n-26-juillet-2024","status":"publish","type":"post","link":"https:\/\/fajgenbaum.paris\/en\/la-revue-des-juristes-de-sciences-po-n-26-juillet-2024\/","title":{"rendered":"La Revue des Juristes de Sciences Po &#8211; N\u00b0 26 &#8211; Juillet 2024"},"content":{"rendered":"<p>&#8220;L\u2019originalit\u00e9 de la \u00ab R\u00e8gle 40 \u00bb de la Charte olympique&#8221; <span>par\u00a0<\/span><span>Fabienne Fajgenbaum et Thibault Lachacinski <\/span><\/p>\n<p><span>Article publi\u00e9 au sein du dossier th\u00e9matique &#8220;Jeux olympiques et paralympiques de 2024 : un cadre juridique original au service de cet \u00e9v\u00e8nement exceptionnel&#8221;<\/span><\/p>\n<p style=\"text-align: right;\"><a href=\"https:\/\/fajgenbaum.paris\/?attachment_id=1495\" rel=\"attachment wp-att-1495\">T\u00e9l\u00e9charger le PDF<\/a><\/p>\n<p>&nbsp;<\/p>\n","protected":false},"excerpt":{"rendered":"<p>&#8220;L\u2019originalit\u00e9 de la \u00ab R\u00e8gle 40 \u00bb de la Charte olympique&#8221; par\u00a0Fabienne Fajgenbaum et Thibault Lachacinski Article publi\u00e9 au sein du dossier th\u00e9matique &#8220;Jeux olympiques et paralympiques de 2024 : un cadre juridique original au service de cet \u00e9v\u00e8nement exceptionnel&#8221; T\u00e9l\u00e9charger le PDF &nbsp;<\/p>\n","protected":false},"author":2,"featured_media":0,"comment_status":"closed","ping_status":"closed","sticky":false,"template":"","format":"standard","meta":{"_acf_changed":false,"pdf":0,"footnotes":""},"categories":[1],"tags":[],"class_list":["post-1499","post","type-post","status-publish","format-standard","hentry","category-actualites"],"acf":[],"_links":{"self":[{"href":"https:\/\/fajgenbaum.paris\/en\/wp-json\/wp\/v2\/posts\/1499","targetHints":{"allow":["GET"]}}],"collection":[{"href":"https:\/\/fajgenbaum.paris\/en\/wp-json\/wp\/v2\/posts"}],"about":[{"href":"https:\/\/fajgenbaum.paris\/en\/wp-json\/wp\/v2\/types\/post"}],"author":[{"embeddable":true,"href":"https:\/\/fajgenbaum.paris\/en\/wp-json\/wp\/v2\/users\/2"}],"replies":[{"embeddable":true,"href":"https:\/\/fajgenbaum.paris\/en\/wp-json\/wp\/v2\/comments?post=1499"}],"version-history":[{"count":3,"href":"https:\/\/fajgenbaum.paris\/en\/wp-json\/wp\/v2\/posts\/1499\/revisions"}],"predecessor-version":[{"id":1502,"href":"https:\/\/fajgenbaum.paris\/en\/wp-json\/wp\/v2\/posts\/1499\/revisions\/1502"}],"wp:attachment":[{"href":"https:\/\/fajgenbaum.paris\/en\/wp-json\/wp\/v2\/media?parent=1499"}],"wp:term":[{"taxonomy":"category","embeddable":true,"href":"https:\/\/fajgenbaum.paris\/en\/wp-json\/wp\/v2\/categories?post=1499"},{"taxonomy":"post_tag","embeddable":true,"href":"https:\/\/fajgenbaum.paris\/en\/wp-json\/wp\/v2\/tags?post=1499"}],"curies":[{"name":"wp","href":"https:\/\/api.w.org\/{rel}","templated":true}]}}