{"id":1452,"date":"2024-04-12T12:04:17","date_gmt":"2024-04-12T10:04:17","guid":{"rendered":"https:\/\/fajgenbaum.paris\/?p=1452"},"modified":"2024-04-12T12:05:12","modified_gmt":"2024-04-12T10:05:12","slug":"FAJGENBAUM-aux-6emes-assises-du-droit-du-sport","status":"publish","type":"post","link":"https:\/\/fajgenbaum.paris\/en\/FAJGENBAUM-aux-6emes-assises-du-droit-du-sport\/","title":{"rendered":"FAJGENBAUM aux 6\u00e8mes Assises du droit du sport"},"content":{"rendered":"<p style=\"text-align: left;\">Ma\u00eetre Thibault Lachacinski, associ\u00e9 du Cabinet FAJGENBAUM, sera pr\u00e9sent aux &#8220;6\u00e8mes Assises du droit du sport&#8221; qui auront lieu les 25 et 26 avril 2024 \u00e0 la Maison du Barreau \u00e0 Paris.<\/p>\n<p style=\"text-align: left;\">Il sera le mod\u00e9rateur du Panel 5 : &#8220;Le sportif, son image et ses droits&#8221;.<\/p>\n<p style=\"text-align: left;\">Pour plus d&#8217;informations : <a href=\"https:\/\/www.droitdusport.com\/assises\/sportif-image-droits\/\" target=\"_blank\" rel=\"noopener\">https:\/\/www.droitdusport.com\/assises\/sportif-image-droits\/\u00a0<\/a><\/p>\n<p><img fetchpriority=\"high\" decoding=\"async\" src=\"https:\/\/fajgenbaum.paris\/wp-content\/uploads\/2024\/04\/6e-Assises-du-Droit-du-Sport-248x300.png\" alt=\"\" width=\"248\" height=\"300\" class=\"size-medium wp-image-1453 aligncenter\" srcset=\"https:\/\/fajgenbaum.paris\/wp-content\/uploads\/2024\/04\/6e-Assises-du-Droit-du-Sport-248x300.png 248w, https:\/\/fajgenbaum.paris\/wp-content\/uploads\/2024\/04\/6e-Assises-du-Droit-du-Sport-330x400.png 330w, https:\/\/fajgenbaum.paris\/wp-content\/uploads\/2024\/04\/6e-Assises-du-Droit-du-Sport.png 540w\" sizes=\"(max-width: 248px) 100vw, 248px\" \/><\/p>\n","protected":false},"excerpt":{"rendered":"<p>Ma\u00eetre Thibault Lachacinski, associ\u00e9 du Cabinet FAJGENBAUM, sera pr\u00e9sent aux &#8220;6\u00e8mes Assises du droit du sport&#8221; qui auront lieu les 25 et 26 avril 2024 \u00e0 la Maison du Barreau \u00e0 Paris. Il sera le mod\u00e9rateur du Panel 5 : &#8220;Le sportif, son image et ses droits&#8221;. Pour plus d&#8217;informations : https:\/\/www.droitdusport.com\/assises\/sportif-image-droits\/\u00a0<\/p>\n","protected":false},"author":2,"featured_media":0,"comment_status":"closed","ping_status":"closed","sticky":false,"template":"","format":"standard","meta":{"_acf_changed":false,"pdf":0,"footnotes":""},"categories":[1],"tags":[],"class_list":["post-1452","post","type-post","status-publish","format-standard","hentry","category-actualites"],"acf":[],"_links":{"self":[{"href":"https:\/\/fajgenbaum.paris\/en\/wp-json\/wp\/v2\/posts\/1452","targetHints":{"allow":["GET"]}}],"collection":[{"href":"https:\/\/fajgenbaum.paris\/en\/wp-json\/wp\/v2\/posts"}],"about":[{"href":"https:\/\/fajgenbaum.paris\/en\/wp-json\/wp\/v2\/types\/post"}],"author":[{"embeddable":true,"href":"https:\/\/fajgenbaum.paris\/en\/wp-json\/wp\/v2\/users\/2"}],"replies":[{"embeddable":true,"href":"https:\/\/fajgenbaum.paris\/en\/wp-json\/wp\/v2\/comments?post=1452"}],"version-history":[{"count":5,"href":"https:\/\/fajgenbaum.paris\/en\/wp-json\/wp\/v2\/posts\/1452\/revisions"}],"predecessor-version":[{"id":1459,"href":"https:\/\/fajgenbaum.paris\/en\/wp-json\/wp\/v2\/posts\/1452\/revisions\/1459"}],"wp:attachment":[{"href":"https:\/\/fajgenbaum.paris\/en\/wp-json\/wp\/v2\/media?parent=1452"}],"wp:term":[{"taxonomy":"category","embeddable":true,"href":"https:\/\/fajgenbaum.paris\/en\/wp-json\/wp\/v2\/categories?post=1452"},{"taxonomy":"post_tag","embeddable":true,"href":"https:\/\/fajgenbaum.paris\/en\/wp-json\/wp\/v2\/tags?post=1452"}],"curies":[{"name":"wp","href":"https:\/\/api.w.org\/{rel}","templated":true}]}}