{"id":1342,"date":"2022-07-25T11:46:35","date_gmt":"2022-07-25T09:46:35","guid":{"rendered":"https:\/\/fajgenbaum.paris\/?p=1342"},"modified":"2022-07-25T11:46:35","modified_gmt":"2022-07-25T09:46:35","slug":"le-point-sur-les-blocages-de-contenus-sportifs-illicites","status":"publish","type":"post","link":"https:\/\/fajgenbaum.paris\/en\/le-point-sur-les-blocages-de-contenus-sportifs-illicites\/","title":{"rendered":"Le point sur les blocages de contenus sportifs illicites"},"content":{"rendered":"<p>Prenant acte de l\u2019urgence et du caract\u00e8re instantan\u00e9 et irr\u00e9m\u00e9diable du pr\u00e9judice en cas de retransmission audiovisuelle illicite en direct d\u2019une manifestation ou comp\u00e9tition sportive, l\u2019article L. 333-10 du Code du sport (issu de la loi du 25 octobre 2021 relative \u00e0 la r\u00e9gulation et \u00e0 la protection de l\u2019acc\u00e8s aux \u0153uvres culturelles \u00e0 l\u2019\u00e8re num\u00e9rique, l\u00e9g\u00e8rement modifi\u00e9 par la loi du 2 mars 2022 visant \u00e0 d\u00e9mocratiser le sport en France) permet aux ayants droit de saisir le juge pour demander le blocage des services qui diffusent ill\u00e9galement une comp\u00e9tition donn\u00e9e.<\/p>\n<p>La d\u00e9cision peut m\u00eame se projeter sur l\u2019avenir puisque le pr\u00e9sident du tribunal judicaire peut ordonner le blocage, pour chacune des journ\u00e9es figurant au calendrier officiel de la comp\u00e9tition, des services diffusant ill\u00e9galement la comp\u00e9tition sportive, qu\u2019ils aient \u00e9t\u00e9 identifi\u00e9s ou non \u00e0 ce stade.<\/p>\n<p>Surtout, l\u2019injonction peut \u00eatre mise \u00e0 jour par l\u2019Arcom, sur demande des titulaires de droits, qui souhaiteraient bloquer des services non identifi\u00e9s \u00e0 la date de l\u2019ordonnance et qui diffuseraient \u00e0 leur tour le m\u00eame \u00e9v\u00e9nement sportif.<\/p>\n<p>&nbsp;<\/p>\n<p>Sur ce fondement, depuis le 1<sup>er<\/sup> janvier 2022, Canal, beIN Sport, la LFP, la FFT notamment ont obtenu des ordonnances pour prot\u00e9ger certaines comp\u00e9titions, la Ligue des Champions, le Top 14, les ligues 1 et 2, Rolland Garros, Wimbledon, la CAN, etc.<\/p>\n<p>En un peu plus de trois mois, ce sont plus de 500 services illicites qui ont \u00e9t\u00e9 bloqu\u00e9s, par le juge ou par l\u2019Arcom. En outre, l\u2019audience sportive illicite dans son ensemble a baiss\u00e9 de 37% entre janvier et mars 2022 et la baisse va m\u00eame jusqu\u2019\u00e0 77%, entre f\u00e9vrier 2021 et f\u00e9vrier 2022, pour certaines comp\u00e9titions tr\u00e8s pirat\u00e9es, comme la Ligue des Champions (<a href=\"https:\/\/www.arcom.fr\/larcom\/presse\/festival-de-cannes-2022-protection-de-la-creation-intervention-de-denis-rapone-la-table-ronde-cnc\" target=\"_blank\" rel=\"noopener\">source Arcom<\/a>, pr\u00e9sentation t\u00e9l\u00e9chargeable en bas de page).<\/p>\n","protected":false},"excerpt":{"rendered":"<p>Prenant acte de l\u2019urgence et du caract\u00e8re instantan\u00e9 et irr\u00e9m\u00e9diable du pr\u00e9judice en cas de retransmission audiovisuelle illicite en direct d\u2019une manifestation ou comp\u00e9tition sportive, l\u2019article L. 333-10 du Code du sport (issu de la loi du 25 octobre 2021 relative \u00e0 la r\u00e9gulation et \u00e0 la protection de l\u2019acc\u00e8s aux \u0153uvres culturelles \u00e0 l\u2019\u00e8re [&hellip;]<\/p>\n","protected":false},"author":3,"featured_media":0,"comment_status":"closed","ping_status":"closed","sticky":false,"template":"","format":"standard","meta":{"_acf_changed":false,"pdf":0,"footnotes":""},"categories":[1],"tags":[],"class_list":["post-1342","post","type-post","status-publish","format-standard","hentry","category-actualites"],"acf":[],"_links":{"self":[{"href":"https:\/\/fajgenbaum.paris\/en\/wp-json\/wp\/v2\/posts\/1342","targetHints":{"allow":["GET"]}}],"collection":[{"href":"https:\/\/fajgenbaum.paris\/en\/wp-json\/wp\/v2\/posts"}],"about":[{"href":"https:\/\/fajgenbaum.paris\/en\/wp-json\/wp\/v2\/types\/post"}],"author":[{"embeddable":true,"href":"https:\/\/fajgenbaum.paris\/en\/wp-json\/wp\/v2\/users\/3"}],"replies":[{"embeddable":true,"href":"https:\/\/fajgenbaum.paris\/en\/wp-json\/wp\/v2\/comments?post=1342"}],"version-history":[{"count":1,"href":"https:\/\/fajgenbaum.paris\/en\/wp-json\/wp\/v2\/posts\/1342\/revisions"}],"predecessor-version":[{"id":1343,"href":"https:\/\/fajgenbaum.paris\/en\/wp-json\/wp\/v2\/posts\/1342\/revisions\/1343"}],"wp:attachment":[{"href":"https:\/\/fajgenbaum.paris\/en\/wp-json\/wp\/v2\/media?parent=1342"}],"wp:term":[{"taxonomy":"category","embeddable":true,"href":"https:\/\/fajgenbaum.paris\/en\/wp-json\/wp\/v2\/categories?post=1342"},{"taxonomy":"post_tag","embeddable":true,"href":"https:\/\/fajgenbaum.paris\/en\/wp-json\/wp\/v2\/tags?post=1342"}],"curies":[{"name":"wp","href":"https:\/\/api.w.org\/{rel}","templated":true}]}}