{"id":1277,"date":"2021-12-10T12:11:48","date_gmt":"2021-12-10T11:11:48","guid":{"rendered":"https:\/\/fajgenbaum.paris\/?p=1277"},"modified":"2021-12-10T12:11:48","modified_gmt":"2021-12-10T11:11:48","slug":"la-lettre-du-sport-n1110-10-decembre-2021","status":"publish","type":"post","link":"https:\/\/fajgenbaum.paris\/en\/la-lettre-du-sport-n1110-10-decembre-2021\/","title":{"rendered":"La Lettre du Sport &#8211; N\u00b01110 &#8211; 10 d\u00e9cembre 2021"},"content":{"rendered":"","protected":false},"excerpt":{"rendered":"<p>Contrefa\u00e7on : intervention de Fabienne Fajgenbaum et Thibault Lachacinski concernant la r\u00e9cente condamnation de la FIFA relative au spray traceur de lignes blanches.<\/p>\n","protected":false},"author":2,"featured_media":0,"comment_status":"closed","ping_status":"closed","sticky":false,"template":"","format":"standard","meta":{"_acf_changed":false,"pdf":1278,"footnotes":""},"categories":[1],"tags":[],"class_list":["post-1277","post","type-post","status-publish","format-standard","hentry","category-actualites"],"acf":[],"_links":{"self":[{"href":"https:\/\/fajgenbaum.paris\/en\/wp-json\/wp\/v2\/posts\/1277","targetHints":{"allow":["GET"]}}],"collection":[{"href":"https:\/\/fajgenbaum.paris\/en\/wp-json\/wp\/v2\/posts"}],"about":[{"href":"https:\/\/fajgenbaum.paris\/en\/wp-json\/wp\/v2\/types\/post"}],"author":[{"embeddable":true,"href":"https:\/\/fajgenbaum.paris\/en\/wp-json\/wp\/v2\/users\/2"}],"replies":[{"embeddable":true,"href":"https:\/\/fajgenbaum.paris\/en\/wp-json\/wp\/v2\/comments?post=1277"}],"version-history":[{"count":1,"href":"https:\/\/fajgenbaum.paris\/en\/wp-json\/wp\/v2\/posts\/1277\/revisions"}],"predecessor-version":[{"id":1280,"href":"https:\/\/fajgenbaum.paris\/en\/wp-json\/wp\/v2\/posts\/1277\/revisions\/1280"}],"wp:attachment":[{"href":"https:\/\/fajgenbaum.paris\/en\/wp-json\/wp\/v2\/media?parent=1277"}],"wp:term":[{"taxonomy":"category","embeddable":true,"href":"https:\/\/fajgenbaum.paris\/en\/wp-json\/wp\/v2\/categories?post=1277"},{"taxonomy":"post_tag","embeddable":true,"href":"https:\/\/fajgenbaum.paris\/en\/wp-json\/wp\/v2\/tags?post=1277"}],"curies":[{"name":"wp","href":"https:\/\/api.w.org\/{rel}","templated":true}]}}