{"id":1263,"date":"2021-11-10T17:19:13","date_gmt":"2021-11-10T16:19:13","guid":{"rendered":"https:\/\/fajgenbaum.paris\/?p=1263"},"modified":"2021-11-10T17:19:13","modified_gmt":"2021-11-10T16:19:13","slug":"lequipe-du-10-11-2021-altrad-au-coeur-de-la-melee","status":"publish","type":"post","link":"https:\/\/fajgenbaum.paris\/en\/lequipe-du-10-11-2021-altrad-au-coeur-de-la-melee\/","title":{"rendered":"L&#8217;Equipe du 10\/11\/2021 &#8211; Altrad au c\u0153ur de la m\u00eal\u00e9e"},"content":{"rendered":"","protected":false},"excerpt":{"rendered":"<p>Intervention de Thibault Lachacinski et Maxime Vigneron concernant Mohed Altrad et sa strat\u00e9gie en mati\u00e8re de sponsoring sportif.<\/p>\n","protected":false},"author":2,"featured_media":0,"comment_status":"closed","ping_status":"closed","sticky":false,"template":"","format":"standard","meta":{"_acf_changed":false,"pdf":1264,"footnotes":""},"categories":[1],"tags":[],"class_list":["post-1263","post","type-post","status-publish","format-standard","hentry","category-actualites"],"acf":[],"_links":{"self":[{"href":"https:\/\/fajgenbaum.paris\/en\/wp-json\/wp\/v2\/posts\/1263","targetHints":{"allow":["GET"]}}],"collection":[{"href":"https:\/\/fajgenbaum.paris\/en\/wp-json\/wp\/v2\/posts"}],"about":[{"href":"https:\/\/fajgenbaum.paris\/en\/wp-json\/wp\/v2\/types\/post"}],"author":[{"embeddable":true,"href":"https:\/\/fajgenbaum.paris\/en\/wp-json\/wp\/v2\/users\/2"}],"replies":[{"embeddable":true,"href":"https:\/\/fajgenbaum.paris\/en\/wp-json\/wp\/v2\/comments?post=1263"}],"version-history":[{"count":1,"href":"https:\/\/fajgenbaum.paris\/en\/wp-json\/wp\/v2\/posts\/1263\/revisions"}],"predecessor-version":[{"id":1266,"href":"https:\/\/fajgenbaum.paris\/en\/wp-json\/wp\/v2\/posts\/1263\/revisions\/1266"}],"wp:attachment":[{"href":"https:\/\/fajgenbaum.paris\/en\/wp-json\/wp\/v2\/media?parent=1263"}],"wp:term":[{"taxonomy":"category","embeddable":true,"href":"https:\/\/fajgenbaum.paris\/en\/wp-json\/wp\/v2\/categories?post=1263"},{"taxonomy":"post_tag","embeddable":true,"href":"https:\/\/fajgenbaum.paris\/en\/wp-json\/wp\/v2\/tags?post=1263"}],"curies":[{"name":"wp","href":"https:\/\/api.w.org\/{rel}","templated":true}]}}